{"id":7527,"date":"2018-12-05T15:07:48","date_gmt":"2018-12-05T15:07:48","guid":{"rendered":"https:\/\/www.galerieloft.com\/press\/expo-particules-yazid-oulab-dossier-de-presse-2\/"},"modified":"2018-12-05T15:46:04","modified_gmt":"2018-12-05T15:46:04","slug":"expo-particules-yazid-oulab-dossier-de-presse","status":"publish","type":"press","link":"https:\/\/preprod.galerieloft.com\/en\/press\/expo-particules-yazid-oulab-dossier-de-presse\/","title":{"rendered":"Expo \u00ab PARTICULES \u00bb \u2014 Yazid Oulab \u2014Dossier de Presse"},"content":{"rendered":"<p style=\"text-align: justify;\">Homme aux milles facettes et \u00e0 l\u2019\u00e2me ancestrale Yazid Oulab est un artiste qui semble nourri par des si\u00e8cles de civilisations les plus diverses et les plus riches. Il se pr\u00e9- sente tel un interpr\u00e8te et un messager, capable d\u2019analy- ser et de transcrire par des objets simplifi\u00e9s des mill\u00e9- naires d\u2019histoires culturelles, sociales et spirituelles.<\/p>\n<p style=\"text-align: justify;\">Artisan incontestable amoureux du geste, po\u00e8te fascin\u00e9 et fascinant pour qui le regard fait na\u00eetre le sens, t\u00e9moin infatigable et potentiellement omniscient, Yazid Oulab incarne la figure de l\u2019artiste accompli. Celle d\u2019un homme qui, loin des exc\u00e8s propres \u00e0 nos soci\u00e9t\u00e9s actuelles serait pr\u00eat \u00e0 donner \u00e0 l\u2019art ses nouvelles lettres de noblesse.<\/p>\n<p style=\"text-align: justify;\">Ses \u0153uvres, objets, installations, sculptures ou vid\u00e9os sont autant d\u2019outils d\u2019expression et de communication qui nous poussent \u00e0 consid\u00e9rer la pluralit\u00e9 culturelle de notre \u00e9poque tout en mesurant la port\u00e9e historique de toute chose.<\/p>\n<p style=\"text-align: justify;\">Quant \u00e0 lui, bien plus qu\u2019un plasticien, il est un v\u00e9ritable<\/p>\n<p style=\"text-align: justify;\">\u00ab conteur d\u2019Histoire(s) \u00bb. Guide et philosophe, il nous fait d\u00e9couvrir, ou red\u00e9couvrir, les origines de l\u2019\u00e9criture, des chiffres, de la spiritualit\u00e9, des religions ou des Na- tions. Entre l\u00e9gendes et histoires \u00e0 b\u00e2tir Yazid Oulab est un \u00eatre fronti\u00e8re qui, tels ses clous f\u00e9tiches, s\u2019attache \u00e0 cr\u00e9er du lien.<\/p>\n<p style=\"text-align: justify;\">Fils d\u2019un p\u00e8re ouvrier\u2212m\u00e9canicien\u2212agriculteur et d\u2019une m\u00e8re intellectuelle professeur de fran\u00e7ais il repr\u00e9sente, non seulement dans ses \u0153uvres mais \u00e9galement dans sa vie, le parfait \u00e9quilibre entre le travail de la main et de l\u2019esprit. Cr\u00e9ateur manuel autant que spirituel il vient corriger l\u2019injuste dichotomie qui viserait \u00e0 s\u00e9parer ces deux dimensions pourtant compl\u00e9mentaires de la conception.<\/p>\n","protected":false},"excerpt":{"rendered":"<p>Homme aux milles facettes et \u00e0 l\u2019\u00e2me ancestrale Yazid Oulab est un artiste qui semble nourri par des si\u00e8cles de civilisations les plus diverses et les plus riches. Il se pr\u00e9- sente tel un interpr\u00e8te et un messager, capable d\u2019analy- ser et de transcrire par des objets simplifi\u00e9s des mill\u00e9- naires d\u2019histoires culturelles, sociales et &hellip; <a href=\"https:\/\/preprod.galerieloft.com\/en\/press\/expo-particules-yazid-oulab-dossier-de-presse\/\">Continued<\/a><\/p>\n","protected":false},"featured_media":7130,"template":"","class_list":["post-7527","press","type-press","status-publish","has-post-thumbnail","hentry","press_cat-presse-release-en"],"_links":{"self":[{"href":"https:\/\/preprod.galerieloft.com\/en\/wp-json\/wp\/v2\/press\/7527","targetHints":{"allow":["GET"]}}],"collection":[{"href":"https:\/\/preprod.galerieloft.com\/en\/wp-json\/wp\/v2\/press"}],"about":[{"href":"https:\/\/preprod.galerieloft.com\/en\/wp-json\/wp\/v2\/types\/press"}],"wp:featuredmedia":[{"embeddable":true,"href":"https:\/\/preprod.galerieloft.com\/en\/wp-json\/wp\/v2\/media\/7130"}],"wp:attachment":[{"href":"https:\/\/preprod.galerieloft.com\/en\/wp-json\/wp\/v2\/media?parent=7527"}],"curies":[{"name":"wp","href":"https:\/\/api.w.org\/{rel}","templated":true}]}}