{"id":6186,"date":"2017-02-04T11:03:02","date_gmt":"2017-02-04T11:03:02","guid":{"rendered":"https:\/\/www.galerieloft.com\/press\/adel-younesi-2\/"},"modified":"2020-10-10T16:38:54","modified_gmt":"2020-10-10T16:38:54","slug":"adel-younesi-processus-de-creation","status":"publish","type":"press","link":"https:\/\/preprod.galerieloft.com\/en\/press\/adel-younesi-processus-de-creation\/","title":{"rendered":"Adel Younesi, Processus de cr\u00e9ation"},"content":{"rendered":"<p><strong>Younesi, ou l\u2019intime \u00e9tranget\u00e9 du monde<\/strong><\/p>\n<p style=\"text-align: justify;\">Adel Younesi est un jeune artiste iranien, n\u00e9 en 1985 \u00e0 Hamadan. Pour lui, nous vivons dans un monde tiss\u00e9 d\u2019illusions, engendr\u00e9es par notre activit\u00e9 mentale ; d\u00e9sirs et peurs donnent lieu \u00e0 des situations \u00e9tranges. Dans ses cr\u00e9ations, le pass\u00e9 s\u2019actualise et se transmet, m\u00eal\u00e9 au filtre des impressions pr\u00e9sentes, des r\u00e9flexions et sentiments. Ses peintures, \u00e0 la fois r\u00e9alistes et fantasmagoriques, t\u00e9moignent d\u2019un univers po\u00e9tique singulier et \u00e9mouvant, non d\u00e9nu\u00e9 d\u2019un humour mordant. Les expressions aust\u00e8res des personnages en noir et blanc, tir\u00e9s de photographies anciennes, contrastent ainsi avec des lieux improbables, les couleurs vives de drapeaux color\u00e9s et calligraphi\u00e9s, et parfois la pr\u00e9sence d\u2019animaux inattendus : \u00ab\u00a0<em>In my recent works the relationship between animals and their behavior besides people and things, forms universality<\/em> \u00bb. Nourrie des empreintes du pass\u00e9 et des impressions pr\u00e9sentes, la subjectivit\u00e9 de l\u2019artiste est aussi charg\u00e9e d\u2019espoir. Sa puissance \u00e9vocatrice t\u00e9moigne paradoxalement de la port\u00e9e universelle de l\u2019imaginaire cr\u00e9atif.<\/p>\n<p>&nbsp;<\/p>\n","protected":false},"excerpt":{"rendered":"<p>Younesi, ou l\u2019intime \u00e9tranget\u00e9 du monde Adel Younesi est un jeune artiste iranien, n\u00e9 en 1985 \u00e0 Hamadan. Pour lui, nous vivons dans un monde tiss\u00e9 d\u2019illusions, engendr\u00e9es par notre activit\u00e9 mentale ; d\u00e9sirs et peurs donnent lieu \u00e0 des situations \u00e9tranges. Dans ses cr\u00e9ations, le pass\u00e9 s\u2019actualise et se transmet, m\u00eal\u00e9 au filtre des &hellip; <a href=\"https:\/\/preprod.galerieloft.com\/en\/press\/adel-younesi-processus-de-creation\/\">Continued<\/a><\/p>\n","protected":false},"featured_media":5241,"template":"","class_list":["post-6186","press","type-press","status-publish","has-post-thumbnail","hentry","press_cat-video-medias"],"_links":{"self":[{"href":"https:\/\/preprod.galerieloft.com\/en\/wp-json\/wp\/v2\/press\/6186","targetHints":{"allow":["GET"]}}],"collection":[{"href":"https:\/\/preprod.galerieloft.com\/en\/wp-json\/wp\/v2\/press"}],"about":[{"href":"https:\/\/preprod.galerieloft.com\/en\/wp-json\/wp\/v2\/types\/press"}],"wp:featuredmedia":[{"embeddable":true,"href":"https:\/\/preprod.galerieloft.com\/en\/wp-json\/wp\/v2\/media\/5241"}],"wp:attachment":[{"href":"https:\/\/preprod.galerieloft.com\/en\/wp-json\/wp\/v2\/media?parent=6186"}],"curies":[{"name":"wp","href":"https:\/\/api.w.org\/{rel}","templated":true}]}}