{"id":5844,"date":"2017-01-06T11:36:52","date_gmt":"2017-01-06T11:36:52","guid":{"rendered":"https:\/\/www.galerieloft.com\/press\/expo-adel-younesi-mehdi-mirbageri-dossier-de-presse-2\/"},"modified":"2017-01-06T11:36:52","modified_gmt":"2017-01-06T11:36:52","slug":"expo-adel-younesi-mehdi-mirbageri-dossier-de-presse","status":"publish","type":"press","link":"https:\/\/preprod.galerieloft.com\/en\/press\/expo-adel-younesi-mehdi-mirbageri-dossier-de-presse\/","title":{"rendered":"Expo &#8211; Adel  Younesi &#038; Mehdi Mirbageri &#8211; Dossier de Presse"},"content":{"rendered":"<p style=\"text-align: justify;\">Voil\u00e0 d\u00e9sormais un peu plus de 30 ans que la galerie LOFT s\u2019attache \u00e0 pr\u00e9senter et \u00e0 d\u00e9fendre de jeunes artistes de par le monde.<\/p>\n<p style=\"text-align: justify;\">Des graffitistes parisiens dont les \u0153uvres urbaines prenaient possession de la galerie avant de s\u2019\u00e9chapper hors les murs.<\/p>\n<p style=\"text-align: justify;\">Des photographes-performers du Beijing East village et des sculpteurs chinois dont les figures iconiques allaient d\u00e9ferler sur le monde occidental \u00e0 l\u2019image du Dinosaure \u00ab\u00a0Made in China\u00a0\u00bb de Sui Jianguo.<\/p>\n<p style=\"text-align: justify;\">D\u2019immenses girouettes Hiquilyenne de 12 m\u00e8tres venues \u00e9toffer le paysage urbain du Shanghai de l\u2019exposition universelle de 2010.<\/p>\n<p style=\"text-align: justify;\">De grands sculpteurs internationaux qui allaient semer leurs \u0153uvres monumentales dans le d\u00e9sert marocain.<\/p>\n<p style=\"text-align: justify;\">Des peintres, des sculpteurs, des photographes, des artistes urbains, des designers, des vid\u00e9astes\u2026 tout un panorama d\u2019artistes venus des quatre coins de la plan\u00e8te, pour la plupart en devenir lorsqu\u2019ils entraient pour la premi\u00e8re fois \u00e0 la galerie LOFT.<\/p>\n<p style=\"text-align: justify;\">Des po\u00e8tes et des esth\u00e8tes, mais aussi de bons vivants. Beaucoup de passion, de projets partag\u00e9s, entre organisation d\u2019expositions de grande envergure comme Paris-P\u00e9kin ou l\u2019installation des sculptures monumentales de Hiquily sur les places saint Sulpice et saint-germain-des-pr\u00e8s \u00e0 l\u2019occasion de la sortie du Catalogue Raisonn\u00e9 de l\u2019artiste, des \u00e9ditions d\u2019\u0153uvres et d\u2019ouvrages de r\u00e9f\u00e9rence\u2026 et toujours la m\u00eame envie.<\/p>\n<p style=\"text-align: justify;\">De soutenir ces artistes en r\u00e9alisant un v\u00e9ritable travail de fond mais aussi de diffuser leurs \u0153uvres au mieux en leur proposant de nouvelles possibilit\u00e9s de faire conna\u00eetre leur travail.<\/p>\n<p style=\"text-align: justify;\">Et c\u2019est aujourd\u2019hui un nouveau d\u00e9fi que la Galerie LOFT choisi de relever.<\/p>\n<p style=\"text-align: justify;\">Ouvrir un nouvel espace, parcourir de nouveaux horizons, tout en pr\u00e9servant son identit\u00e9 et sa volont\u00e9 de d\u00e9fendre de jeunes artistes, nous voici\u2026 \u00e0 la crois\u00e9e des chemins.<\/p>\n<p style=\"text-align: justify;\">Comme toujours un v\u00e9ritable changement se fait accompagn\u00e9 de ceux et celles qui font vivre la galerie. Artistes et galeristes, professionnels du march\u00e9 de l\u2019art et collectionneurs, photographes, journalistes, famille et amis, coll\u00e8gues et amateurs, vous \u00eates tous invit\u00e9s \u00e0 venir partager avec nous cette nouvelle \u00e9tape de l\u2019histoire de la galerie LOFT lors de l\u2019inauguration de notre nouvel espace d\u2019exposition au 4 rue des beaux-arts.<\/p>\n<p style=\"text-align: justify;\">\u00c0 cette occasion seront pr\u00e9sent\u00e9s deux artistes iraniens, eux aussi dans leur trentaine, dont les \u0153uvres illustrent parfaitement les questions de mutation d\u2019une \u00e9poque, d\u2019une soci\u00e9t\u00e9, d\u2019un pays en pleine \u00e9volution \u00e9conomique, sociale et historique. \u00c0 la fois riches d\u2019une histoire mill\u00e9naire et d\u2019une culture m\u00e9tisse, ces \u0153uvres se placent \u00e0 leur tour \u00e0 la crois\u00e9e des chemins. Entre douce nostalgie et furieuse modernit\u00e9, elles s\u2019imposaient \u00e0 nous pour exprimer l\u2019envie de d\u00e9couvrir et de partager, comme pour mieux inviter \u00e0 la rencontre\u2026<\/p>\n","protected":false},"excerpt":{"rendered":"<p>Voil\u00e0 d\u00e9sormais un peu plus de 30 ans que la galerie LOFT s\u2019attache \u00e0 pr\u00e9senter et \u00e0 d\u00e9fendre de jeunes artistes de par le monde. Des graffitistes parisiens dont les \u0153uvres urbaines prenaient possession de la galerie avant de s\u2019\u00e9chapper hors les murs. Des photographes-performers du Beijing East village et des sculpteurs chinois dont les &hellip; <a href=\"https:\/\/preprod.galerieloft.com\/en\/press\/expo-adel-younesi-mehdi-mirbageri-dossier-de-presse\/\">Continued<\/a><\/p>\n","protected":false},"featured_media":5803,"template":"","class_list":["post-5844","press","type-press","status-publish","has-post-thumbnail","hentry","press_cat-presse-release-en"],"_links":{"self":[{"href":"https:\/\/preprod.galerieloft.com\/en\/wp-json\/wp\/v2\/press\/5844","targetHints":{"allow":["GET"]}}],"collection":[{"href":"https:\/\/preprod.galerieloft.com\/en\/wp-json\/wp\/v2\/press"}],"about":[{"href":"https:\/\/preprod.galerieloft.com\/en\/wp-json\/wp\/v2\/types\/press"}],"wp:featuredmedia":[{"embeddable":true,"href":"https:\/\/preprod.galerieloft.com\/en\/wp-json\/wp\/v2\/media\/5803"}],"wp:attachment":[{"href":"https:\/\/preprod.galerieloft.com\/en\/wp-json\/wp\/v2\/media?parent=5844"}],"curies":[{"name":"wp","href":"https:\/\/api.w.org\/{rel}","templated":true}]}}