{"id":5636,"date":"2016-01-06T15:55:47","date_gmt":"2016-01-06T15:55:47","guid":{"rendered":"https:\/\/www.galerieloft.com\/press\/expo-marino-di-teana-retrospective-dossier-de-presse-2\/"},"modified":"2016-01-06T15:55:47","modified_gmt":"2016-01-06T15:55:47","slug":"expo-marino-di-teana-retrospective-dossier-de-presse","status":"publish","type":"press","link":"https:\/\/preprod.galerieloft.com\/en\/press\/expo-marino-di-teana-retrospective-dossier-de-presse\/","title":{"rendered":"EXPO &#8211; MARINO DI TEANA R\u00c9TROSPECTIVE &#8211; DOSSIER DE PRESSE"},"content":{"rendered":"<p>Peintre, sculpteur et architecte, Francesco Marino di Teana poss\u00e9dait un immense talent et une grande exigence envers son propre travail. Il consacra sa vie et son \u0153uvre \u00e0 observer, concevoir et construire des projets de mod\u00e9lisation de l\u2019espace urbain. \u00c9galement philosophe et po\u00e8te il m\u00e9ditait sur des th\u00e9ories destin\u00e9es \u00e0 repenser l\u2019environnement urbain et notre mani\u00e8re d\u2019y vivre. L\u2019habitat et l\u2019architecture des \u201cvilles futures\u201d devraient d\u00e9sormais compter avec l\u2019esth\u00e9tique et l\u2019harmonie pour s\u2019adapter au mieux \u00e0 nos nouveaux modes de vie et \u00eatre plus \u00e9galitaires.\u00a0Voil\u00e0 l\u2019objectif que s\u2019\u00e9tait fix\u00e9 ce travailleur acharn\u00e9.\u00a0Ne jamais s\u2019arr\u00eater \u00e0 une ligne de satisfaction mais travailler toujours plus loin, se d\u00e9passer.<\/p>\n<p>En pr\u00e9paration du Catalogue Raisonn\u00e9 des sculptures de Francesco Marino di Teana, la <strong>Galerie LOFT<\/strong> et <strong>Nicolas Marino di Teana<\/strong>, fils unique de l\u2019artiste et fondateur de <strong><em>\u00ab\u00a0l\u2019ATELIER MARINO DI TEANA, Sauvegarde et diffusion de l\u2019\u0153uvre de Francesco Marino Di Teana\u00a0\u00bb<\/em><\/strong> vous proposent de plonger au c\u0153ur de l\u2019\u0153uvre de ce grand artiste \u00e0 travers une exposition unique de pi\u00e8ces historiques: sculptures, pi\u00e8ces de mobilier, peintures, plans\u2026<\/p>\n<p>A cette occasion Nicolas Marino di Teana pr\u00e9sentera \u00e9galement le projet de Catalogue Raisonn\u00e9 ainsi qu\u2019un Catalogue de souscription publi\u00e9 sp\u00e9cialement pour cet \u00e9v\u00e8nement qui pr\u00e9sente les \u0153uvres phares et le parcours de vie de l\u2019artiste.<\/p>\n<hr \/>\n<p>&nbsp;<\/p>\n<p>\u201cJ\u2019aime chez Di Teana son \u00e9tonnante sensibilit\u00e9 au m\u00e9tal. Il a su donner une humanit\u00e9 au plus froid des mat\u00e9riaux : l\u2019acier. Sa pr\u00e9occupation dominante est de lier la sculpture \u00e0 l\u2019architecture. Profond\u00e9ment catholique, voire mystique. Il r\u00eave d\u2019associer son style monumental \u00e0 la ferveur d\u2019une \u00e9glise.\u201d<\/p>\n<p><em>Denise Ren\u00e9, entretien avec Jean Clay, 1961<\/em><\/p>\n","protected":false},"excerpt":{"rendered":"<p>Peintre, sculpteur et architecte, Francesco Marino di Teana poss\u00e9dait un immense talent et une grande exigence envers son propre travail. Il consacra sa vie et son \u0153uvre \u00e0 observer, concevoir et construire des projets de mod\u00e9lisation de l\u2019espace urbain. \u00c9galement philosophe et po\u00e8te il m\u00e9ditait sur des th\u00e9ories destin\u00e9es \u00e0 repenser l\u2019environnement urbain et notre &hellip; <a href=\"https:\/\/preprod.galerieloft.com\/en\/press\/expo-marino-di-teana-retrospective-dossier-de-presse\/\">Continued<\/a><\/p>\n","protected":false},"featured_media":4293,"template":"","class_list":["post-5636","press","type-press","status-publish","has-post-thumbnail","hentry","press_cat-presse-release-en"],"_links":{"self":[{"href":"https:\/\/preprod.galerieloft.com\/en\/wp-json\/wp\/v2\/press\/5636","targetHints":{"allow":["GET"]}}],"collection":[{"href":"https:\/\/preprod.galerieloft.com\/en\/wp-json\/wp\/v2\/press"}],"about":[{"href":"https:\/\/preprod.galerieloft.com\/en\/wp-json\/wp\/v2\/types\/press"}],"wp:featuredmedia":[{"embeddable":true,"href":"https:\/\/preprod.galerieloft.com\/en\/wp-json\/wp\/v2\/media\/4293"}],"wp:attachment":[{"href":"https:\/\/preprod.galerieloft.com\/en\/wp-json\/wp\/v2\/media?parent=5636"}],"curies":[{"name":"wp","href":"https:\/\/api.w.org\/{rel}","templated":true}]}}