{"id":5635,"date":"2015-11-05T11:47:39","date_gmt":"2015-11-05T11:47:39","guid":{"rendered":"https:\/\/www.galerieloft.com\/press\/catalogue-de-souscription-francesco-marino-di-teana-2\/"},"modified":"2015-11-05T11:47:39","modified_gmt":"2015-11-05T11:47:39","slug":"catalogue-de-souscription-francesco-marino-di-teana","status":"publish","type":"press","link":"https:\/\/preprod.galerieloft.com\/en\/press\/catalogue-de-souscription-francesco-marino-di-teana\/","title":{"rendered":"Catalogue de souscription &#8211; FRANCESCO MARINO DI TEANA"},"content":{"rendered":"<p>Francesco Marino di Teana laisse derri\u00e8re lui une impressionnante production artistique et architecturale. Apr\u00e8s une formation aux Beaux-Arts de Buenos Aires essentiellement ax\u00e9e sur une production picturale, il ressent, en arrivant en Europe (et notamment apr\u00e8s la d\u00e9couverte du tympan de la Cath\u00e9drale de Saint Jacques de Compostelle) la n\u00e9cessit\u00e9 d\u2019explorer davantage le domaine de la sculpture.<\/p>\n<p>De ses premi\u00e8res \u00e9bauches de maquettes abstraites \u00e0 l\u2019installation de sculptures monumentales de plus de vingt m\u00e8tres il aura ainsi marqu\u00e9 le vingti\u00e8me si\u00e8cle de ses recherches th\u00e9oriques et formelles sur l\u2019espace \u201cvivant\u201d et la sculpture \u201cdynamique\u201d. S\u2019il est un artiste complet qui r\u00e9alisa tour \u00e0 tour maquettes, sculptures, peintures, dessins, gravures, plans, frises, reliefs, bijoux ou pi\u00e8ces de mobilier, c\u2019est \u00e0 son \u0153uvre sculpt\u00e9e que nous avons choisi de d\u00e9dier les premiers volumes de son catalogue raisonn\u00e9.<\/p>\n<p>Le travail d\u2019archivage qui accompagne la r\u00e9alisation de ce catalogue se fait \u00e9videmment sur l\u2019ensemble des \u0153uvres de l\u2019artiste. Nous invitons dans ce cadre tous les collectionneurs \u00e0 nous contacter afin de rassembler un maximum d\u2019informations et d\u2019images en vue de cr\u00e9er une banque de donn\u00e9es exhaustive et de composer un ouvrage le plus pr\u00e9cis possible. Pour r\u00e9pertorier au mieux ces \u0153uvres nous aurons besoin des d\u00e9tails techniques complets de l\u2019\u0153uvre (titre, dimensions, mat\u00e9riau, datation, signature) mais \u00e9galement de tout d\u00e9tail ou anecdote concernant la pi\u00e8ce ou l\u2019artiste qui permettront de donner vie \u00e0 l\u2019histoire de ces pi\u00e8ces.<\/p>\n<p>Ce Catalogue Raisonn\u00e9, actuellement en pr\u00e9paration aux \u00c9ditions Loft sous la coordination de Malika Vinot et Nicolas Marino di Teana, est un ouvrage qui tiendra lieu de r\u00e9f\u00e9rence sur l\u2019\u0153uvre de l\u2019artiste. Il est destin\u00e9 \u00e0 devenir un formidable outil de communication distribu\u00e9 par la suite dans les plus importants mus\u00e9es et maisons de vente du monde afin de contribuer \u00e0 la p\u00e9rennisation de cette \u0153uvre aupr\u00e8s du public.<\/p>\n<p>La publication du catalogue est pr\u00e9vue pour la fin de l\u2019ann\u00e9e 2016. Il regroupera l\u2019ensemble de l\u2019\u0153uvre sculpt\u00e9e de l\u2019artiste pr\u00e9sent\u00e9e dans un coffret compos\u00e9 de deux volumes.<\/p>\n<p>&nbsp;<\/p>\n<hr \/>\n<p>&nbsp;<\/p>\n<p><strong>VOLUME I :<\/strong> Bustes, Maquettes de sculptures et Sculptures<\/p>\n<p><strong>VOLUME II :<\/strong> Frises, Reliefs, Mobilier et Maquettes d\u2019architecture<\/p>\n<p>Format : 29 x 25 cm2 volumes de 350 \u00e0 400 pages chacun<\/p>\n<p>Illustrations Couleurs et Noir et Blanc<\/p>\n<p>Date d\u2019\u00e9dition : Novembre 2016<\/p>\n<p>Langue : Textes en fran\u00e7ais<\/p>\n<p>Coordination : Malika Vinot et Nicolas Marino di Teana<\/p>\n<p>\u00c9diteur : \u00c9ditions Loft<\/p>\n<hr \/>\n<p>&nbsp;<\/p>\n<p>Nous vous proposons de souscrire et de commander d\u00e8s aujourd\u2019hui le Catalogue Raisonn\u00e9 de Francesco Marino di Teana (Volumes I &amp; II) <strong>au prix sp\u00e9cial de 80 \u20ac (+ 10 \u20ac de frais de port en France M\u00e9tropolitaine)<\/strong> au lieu de 120 \u20ac (prix de vente apr\u00e8s parution).<\/p>\n<p>Il vous suffit de retourner la fiche de souscription remplie \u00e0 l\u2019adresse suivante : <strong>Galerie Loft, 3 bis rue des Beaux-Arts, 75006 Paris<\/strong>, accompagn\u00e9 de votre r\u00e8glement \u00e0 l\u2019ordre de<strong> Galerie Loft<\/strong> ou de consulter l\u2019onglet<a href=\"https:\/\/www.galerieloft.com\/boutique\/categorie-produit\/catalogues-raisonnes\/produit\/catalogue-raisonne-francesco-marino-di-teana-en-cours\/\"> \u201cPublications\u201d du site www.galerieloft.com<\/a> pour une souscription en ligne et un r\u00e8glement par carte bancaire. Vous pouvez \u00e9galement nous contacter par email<strong>lofteditions@yahoo.com<\/strong> pour tout compl\u00e9ment d\u2019informations.<\/p>\n<p>&nbsp;<\/p>\n<p>+ INFO<\/p>\n<p><span style=\"text-decoration: underline;\"><span style=\"color: #ff6600;\"><a style=\"color: #ff6600; text-decoration: underline;\" href=\"https:\/\/www.galerieloft.com\/boutique\/categorie-produit\/catalogues-raisonnes\/produit\/catalogue-de-souscription-marino-di-teana\/\">R\u00e9servez le catalogue de souscription<\/a><\/span><\/span><\/p>\n<p><span style=\"text-decoration: underline;\"><span style=\"color: #ff6600; text-decoration: underline;\"><a style=\"color: #ff6600; text-decoration: underline;\" href=\"https:\/\/www.galerieloft.com\/artiste\/francesco-marino-di-teana\/\">ARTISTE \u2013\u00a0FRANCESCO MARINO DI TEANA<\/a><\/span><\/span><\/p>\n<p><span style=\"text-decoration: underline;\"><span style=\"color: #ff6600; text-decoration: underline;\"><a style=\"color: #ff6600; text-decoration: underline;\" href=\"https:\/\/www.galerieloft.com\/boutique\/categorie-produit\/catalogues-raisonnes\/produit\/catalogue-raisonne-francesco-marino-di-teana-en-cours\/\">SOUSCRIPTION DU CATALOGUE RAISONN\u00c9 FRANCESCO MARINO DI TEANA<\/a><\/span><\/span><\/p>\n<p>&nbsp;<\/p>\n<p>&nbsp;<\/p>\n<p>&nbsp;<\/p>\n","protected":false},"excerpt":{"rendered":"<p>Francesco Marino di Teana laisse derri\u00e8re lui une impressionnante production artistique et architecturale. Apr\u00e8s une formation aux Beaux-Arts de Buenos Aires essentiellement ax\u00e9e sur une production picturale, il ressent, en arrivant en Europe (et notamment apr\u00e8s la d\u00e9couverte du tympan de la Cath\u00e9drale de Saint Jacques de Compostelle) la n\u00e9cessit\u00e9 d\u2019explorer davantage le domaine de &hellip; <a href=\"https:\/\/preprod.galerieloft.com\/en\/press\/catalogue-de-souscription-francesco-marino-di-teana\/\">Continued<\/a><\/p>\n","protected":false},"featured_media":4116,"template":"","class_list":["post-5635","press","type-press","status-publish","has-post-thumbnail","hentry","press_cat-top-news"],"_links":{"self":[{"href":"https:\/\/preprod.galerieloft.com\/en\/wp-json\/wp\/v2\/press\/5635","targetHints":{"allow":["GET"]}}],"collection":[{"href":"https:\/\/preprod.galerieloft.com\/en\/wp-json\/wp\/v2\/press"}],"about":[{"href":"https:\/\/preprod.galerieloft.com\/en\/wp-json\/wp\/v2\/types\/press"}],"wp:featuredmedia":[{"embeddable":true,"href":"https:\/\/preprod.galerieloft.com\/en\/wp-json\/wp\/v2\/media\/4116"}],"wp:attachment":[{"href":"https:\/\/preprod.galerieloft.com\/en\/wp-json\/wp\/v2\/media?parent=5635"}],"curies":[{"name":"wp","href":"https:\/\/api.w.org\/{rel}","templated":true}]}}