{"id":4126,"date":"2015-10-08T10:50:48","date_gmt":"2015-10-08T10:50:48","guid":{"rendered":"https:\/\/www.galerieloft.com\/?post_type=press&#038;p=4126"},"modified":"2015-11-12T16:20:26","modified_gmt":"2015-11-12T16:20:26","slug":"marino-di-teana-1952-2012-60-ans-de-creation","status":"publish","type":"press","link":"https:\/\/preprod.galerieloft.com\/en\/press\/marino-di-teana-1952-2012-60-ans-de-creation\/","title":{"rendered":"EXPOSITION &#8211; MARINO DI TEANA &#8211; 60 ANS DE CR\u00c9ATION"},"content":{"rendered":"<p>Exposition \u00e0 la Galerie LOFT du 21 janvier au 15 mars en 2016<\/p>\n<p>Pr\u00e9sentation du Catalogue de souscription au Catalogue Raisonn\u00e9 de l\u2019artiste<\/p>\n","protected":false},"excerpt":{"rendered":"<p>Exposition \u00e0 la Galerie LOFT du 21 janvier au 15 mars en 2016 Pr\u00e9sentation du Catalogue de souscription au Catalogue Raisonn\u00e9 de l\u2019artiste<\/p>\n","protected":false},"featured_media":4140,"template":"","class_list":["post-4126","press","type-press","status-publish","has-post-thumbnail","hentry"],"_links":{"self":[{"href":"https:\/\/preprod.galerieloft.com\/en\/wp-json\/wp\/v2\/press\/4126","targetHints":{"allow":["GET"]}}],"collection":[{"href":"https:\/\/preprod.galerieloft.com\/en\/wp-json\/wp\/v2\/press"}],"about":[{"href":"https:\/\/preprod.galerieloft.com\/en\/wp-json\/wp\/v2\/types\/press"}],"wp:featuredmedia":[{"embeddable":true,"href":"https:\/\/preprod.galerieloft.com\/en\/wp-json\/wp\/v2\/media\/4140"}],"wp:attachment":[{"href":"https:\/\/preprod.galerieloft.com\/en\/wp-json\/wp\/v2\/media?parent=4126"}],"curies":[{"name":"wp","href":"https:\/\/api.w.org\/{rel}","templated":true}]}}