{"id":14459,"date":"2023-10-03T16:52:43","date_gmt":"2023-10-03T16:52:43","guid":{"rendered":"https:\/\/www.galerieloft.com\/presse\/dossier-de-presse-mathias-bensimon\/"},"modified":"2023-10-04T10:14:58","modified_gmt":"2023-10-04T10:14:58","slug":"dossier-de-presse-mathias-bensimon","status":"publish","type":"press","link":"https:\/\/preprod.galerieloft.com\/en\/press\/dossier-de-presse-mathias-bensimon\/","title":{"rendered":"Dossier de presse \u2022 Mathias Bensimon"},"content":{"rendered":"<p>A\u0300 l\u2019occasion de la r\u00e9alisation de\u00a0<b class=\"\">\u00ab\u00a0Jardin Cosmique<\/b>\u00a0\u00bb, la fresque de 21 me\u0300tres de long dans le jardin int\u00e9rieur du\u00a0<b class=\"\">Minist\u00e8re de la Culture<\/b>\u00a0a\u0300 Paris, l\u2019artiste\u00a0<b class=\"\">Mathias Bensimon<\/b>\u00a0pr\u00e9sentera sa premi\u00e8re exposition personnelle \u00e0 la Galerie Loft qui\u00a0promet d\u2019\u00eatre\u00a0une v\u00e9ritable exp\u00e9rience esth\u00e9tique autant qu\u2019une plong\u00e9e\u00a0dans la beaut\u00e9 du monde quantique.<\/p>\n","protected":false},"excerpt":{"rendered":"<p>A\u0300 l\u2019occasion de la r\u00e9alisation de\u00a0\u00ab\u00a0Jardin Cosmique\u00a0\u00bb, la fresque de 21 me\u0300tres de long dans le jardin int\u00e9rieur du\u00a0Minist\u00e8re de la Culture\u00a0a\u0300 Paris, l\u2019artiste\u00a0Mathias Bensimon\u00a0pr\u00e9sentera sa premi\u00e8re exposition personnelle \u00e0 la Galerie Loft qui\u00a0promet d\u2019\u00eatre\u00a0une v\u00e9ritable exp\u00e9rience esth\u00e9tique autant qu\u2019une plong\u00e9e\u00a0dans la beaut\u00e9 du monde quantique.<\/p>\n","protected":false},"featured_media":14440,"template":"","class_list":["post-14459","press","type-press","status-publish","has-post-thumbnail","hentry","press_cat-presse-release-en"],"_links":{"self":[{"href":"https:\/\/preprod.galerieloft.com\/en\/wp-json\/wp\/v2\/press\/14459","targetHints":{"allow":["GET"]}}],"collection":[{"href":"https:\/\/preprod.galerieloft.com\/en\/wp-json\/wp\/v2\/press"}],"about":[{"href":"https:\/\/preprod.galerieloft.com\/en\/wp-json\/wp\/v2\/types\/press"}],"wp:featuredmedia":[{"embeddable":true,"href":"https:\/\/preprod.galerieloft.com\/en\/wp-json\/wp\/v2\/media\/14440"}],"wp:attachment":[{"href":"https:\/\/preprod.galerieloft.com\/en\/wp-json\/wp\/v2\/media?parent=14459"}],"curies":[{"name":"wp","href":"https:\/\/api.w.org\/{rel}","templated":true}]}}