{"id":13057,"date":"2023-02-03T11:51:38","date_gmt":"2023-02-03T11:51:38","guid":{"rendered":"https:\/\/www.galerieloft.com\/presse\/dossier-de-presse-de-christos-kalfas\/"},"modified":"2023-02-03T14:16:07","modified_gmt":"2023-02-03T14:16:07","slug":"dossier-de-presse-de-christos-kalfas","status":"publish","type":"press","link":"https:\/\/preprod.galerieloft.com\/en\/press\/dossier-de-presse-de-christos-kalfas\/","title":{"rendered":"Dossier de presse \u2022 Christos Kalfas"},"content":{"rendered":"<p>Peupl\u00e9es d\u2019ic\u00f4nes d\u2019un autre temps, Marylines fleuries, Jocondes volantes et Alices d\u00e9multipli\u00e9es, les \u0153uvres de Christos Kalfas se construisent comme des \u00abth\u00e9\u00e2tres al\u00e9atoires \u00bb. Ses dessins regroup\u00e9s dans l\u2019exposition \u00ab Once Upon a time \u00bb, d\u2019une po\u00e9sie aussi touchante que fascinante, s\u2019articulent autour de photographies en noir et blanc de visages c\u00e9l\u00e8bres ou anonymes emprunt\u00e9s au monde de l\u2019art, de la litt\u00e9rature ou du cin\u00e9ma.<\/p>\n","protected":false},"excerpt":{"rendered":"<p>Peupl\u00e9es d\u2019ic\u00f4nes d\u2019un autre temps, Marylines fleuries, Jocondes volantes et Alices d\u00e9multipli\u00e9es, les \u0153uvres de Christos Kalfas se construisent comme des \u00abth\u00e9\u00e2tres al\u00e9atoires \u00bb. Ses dessins regroup\u00e9s dans l\u2019exposition \u00ab Once Upon a time \u00bb, d\u2019une po\u00e9sie aussi touchante que fascinante, s\u2019articulent autour de photographies en noir et blanc de visages c\u00e9l\u00e8bres ou anonymes emprunt\u00e9s &hellip; <a href=\"https:\/\/preprod.galerieloft.com\/en\/press\/dossier-de-presse-de-christos-kalfas\/\">Continued<\/a><\/p>\n","protected":false},"featured_media":12982,"template":"","class_list":["post-13057","press","type-press","status-publish","has-post-thumbnail","hentry"],"_links":{"self":[{"href":"https:\/\/preprod.galerieloft.com\/en\/wp-json\/wp\/v2\/press\/13057","targetHints":{"allow":["GET"]}}],"collection":[{"href":"https:\/\/preprod.galerieloft.com\/en\/wp-json\/wp\/v2\/press"}],"about":[{"href":"https:\/\/preprod.galerieloft.com\/en\/wp-json\/wp\/v2\/types\/press"}],"wp:featuredmedia":[{"embeddable":true,"href":"https:\/\/preprod.galerieloft.com\/en\/wp-json\/wp\/v2\/media\/12982"}],"wp:attachment":[{"href":"https:\/\/preprod.galerieloft.com\/en\/wp-json\/wp\/v2\/media?parent=13057"}],"curies":[{"name":"wp","href":"https:\/\/api.w.org\/{rel}","templated":true}]}}