{"id":12410,"date":"2022-11-17T17:31:32","date_gmt":"2022-11-17T17:31:32","guid":{"rendered":"https:\/\/www.galerieloft.com\/presse\/dossier-de-presse-kevin-ademola-sangosanya\/"},"modified":"2022-11-17T17:56:40","modified_gmt":"2022-11-17T17:56:40","slug":"dossier-de-presse-kevin-ademola-sangosanya","status":"publish","type":"press","link":"https:\/\/preprod.galerieloft.com\/en\/press\/dossier-de-presse-kevin-ademola-sangosanya\/","title":{"rendered":"Dossier de presse \u2022 KEVIN-ADEMOLA SANGOSANYA"},"content":{"rendered":"<div class=\"page\" title=\"Page 2\">\n<div class=\"section\">\n<div class=\"layoutArea\">\n<div class=\"column\">\n<p><em>\u00ab Cette exposition est une qu\u00eate pour retrouver ma libert\u00e9 cr\u00e9ative.<\/em><br \/>\n<em>Toutes les \u0153uvres sont des \u201cressentis\u201d, des retranscriptions visuelles du sentiment de peur ou d\u2019angoisse qui peut parfois m\u2019ass\u00e9ner \u00bb<\/em><\/p>\n<p>Exposition du 1er d\u00e9cembre 2022 au 14 janvier 2023<\/p>\n<\/div>\n<\/div>\n<\/div>\n<\/div>\n","protected":false},"excerpt":{"rendered":"<p>\u00ab Cette exposition est une qu\u00eate pour retrouver ma libert\u00e9 cr\u00e9ative. Toutes les \u0153uvres sont des \u201cressentis\u201d, des retranscriptions visuelles du sentiment de peur ou d\u2019angoisse qui peut parfois m\u2019ass\u00e9ner \u00bb Exposition du 1er d\u00e9cembre 2022 au 14 janvier 2023<\/p>\n","protected":false},"featured_media":12393,"template":"","class_list":["post-12410","press","type-press","status-publish","has-post-thumbnail","hentry","press_cat-presse-release-en"],"_links":{"self":[{"href":"https:\/\/preprod.galerieloft.com\/en\/wp-json\/wp\/v2\/press\/12410","targetHints":{"allow":["GET"]}}],"collection":[{"href":"https:\/\/preprod.galerieloft.com\/en\/wp-json\/wp\/v2\/press"}],"about":[{"href":"https:\/\/preprod.galerieloft.com\/en\/wp-json\/wp\/v2\/types\/press"}],"wp:featuredmedia":[{"embeddable":true,"href":"https:\/\/preprod.galerieloft.com\/en\/wp-json\/wp\/v2\/media\/12393"}],"wp:attachment":[{"href":"https:\/\/preprod.galerieloft.com\/en\/wp-json\/wp\/v2\/media?parent=12410"}],"curies":[{"name":"wp","href":"https:\/\/api.w.org\/{rel}","templated":true}]}}