{"id":5581,"date":"2016-09-06T11:15:09","date_gmt":"2016-09-06T11:15:09","guid":{"rendered":"https:\/\/www.galerieloft.com\/philippe-hiquily-a-la-cour-jardin-du-plaza-athenee-26-09-2016-2\/"},"modified":"2026-02-27T16:45:16","modified_gmt":"2026-02-27T16:45:16","slug":"philippe-hiquily-a-la-cour-jardin-du-plaza-athenee-26-09-2016","status":"publish","type":"post","link":"https:\/\/preprod.galerieloft.com\/en\/philippe-hiquily-a-la-cour-jardin-du-plaza-athenee-26-09-2016\/","title":{"rendered":"PHILIPPE HIQUILY IN PLAZA ATH\u00c9N\u00c9E HOTEL"},"content":{"rendered":"<div class=\"page\" title=\"Page 1\">\n<div class=\"layoutArea\">\n<div class=\"column\">\n<p>From September 26 to November 16, the Hotel Plaza Ath\u00e9n\u00e9e presents the exhibition of Philippe Hiquily by Loft gallery. The exhibition will open every day from 10:00 to 19:00 in the courtyard garden of hotel Plaza Ath\u00e9n\u00e9e.<\/p>\n<\/div>\n<div class=\"column\">\n<div class=\"page\" title=\"Page 1\">\n<div class=\"layoutArea\">\n<div class=\"column\">\n<div class=\"page\" title=\"Page 1\">\n<div class=\"layoutArea\">\n<div class=\"column\">\n<p><em>Exhibition from September 26 to November 16 2016<br \/>\n10:00 &#8211; 19:00\u00a0<\/em><\/p>\n<\/div>\n<p><a href=\"https:\/\/www.galerieloft.com\/media\/uploads\/2016\/09\/the-look.jpg\"><img loading=\"lazy\" decoding=\"async\" class=\"alignnone  wp-image-5268\" src=\"https:\/\/www.galerieloft.com\/media\/uploads\/2016\/09\/the-look-300x225.jpg\" alt=\"PHILIPPE HIQUILY \u00c0 LA COUR JARDIN DU PLAZA ATH\u00c9N\u00c9E -\" width=\"452\" height=\"339\" srcset=\"https:\/\/preprod.galerieloft.com\/media\/uploads\/2016\/09\/the-look-300x225.jpg 300w, https:\/\/preprod.galerieloft.com\/media\/uploads\/2016\/09\/the-look.jpg 1024w\" sizes=\"auto, (max-width: 452px) 100vw, 452px\" \/><\/a><\/p>\n<\/div>\n<\/div>\n<div class=\"page\" title=\"Page 1\">\n<div class=\"layoutArea\">\n<p><a href=\"https:\/\/www.galerieloft.com\/media\/uploads\/2015\/05\/epicurienne1.jpg\"><img loading=\"lazy\" decoding=\"async\" width=\"300\" height=\"300\" class=\"alignnone size-medium wp-image-2574\" src=\"https:\/\/www.galerieloft.com\/media\/uploads\/2015\/05\/epicurienne1-300x300.jpg\" alt=\"epicurienne\" srcset=\"https:\/\/preprod.galerieloft.com\/media\/uploads\/2015\/05\/epicurienne1-300x300.jpg 300w, https:\/\/preprod.galerieloft.com\/media\/uploads\/2015\/05\/epicurienne1-150x150.jpg 150w, https:\/\/preprod.galerieloft.com\/media\/uploads\/2015\/05\/epicurienne1-90x90.jpg 90w, https:\/\/preprod.galerieloft.com\/media\/uploads\/2015\/05\/epicurienne1-400x400.jpg 400w, https:\/\/preprod.galerieloft.com\/media\/uploads\/2015\/05\/epicurienne1.jpg 800w\" sizes=\"auto, (max-width: 300px) 100vw, 300px\" \/><\/a><a href=\"https:\/\/www.galerieloft.com\/media\/uploads\/2015\/05\/Marathonienne-3.jpg\"><img loading=\"lazy\" decoding=\"async\" width=\"300\" height=\"300\" class=\"alignnone size-medium wp-image-2519\" src=\"https:\/\/www.galerieloft.com\/media\/uploads\/2015\/05\/Marathonienne-3-300x300.jpg\" alt=\"Marathonienne-3\" srcset=\"https:\/\/preprod.galerieloft.com\/media\/uploads\/2015\/05\/Marathonienne-3-300x300.jpg 300w, https:\/\/preprod.galerieloft.com\/media\/uploads\/2015\/05\/Marathonienne-3-150x150.jpg 150w, https:\/\/preprod.galerieloft.com\/media\/uploads\/2015\/05\/Marathonienne-3-90x90.jpg 90w, https:\/\/preprod.galerieloft.com\/media\/uploads\/2015\/05\/Marathonienne-3-400x400.jpg 400w, https:\/\/preprod.galerieloft.com\/media\/uploads\/2015\/05\/Marathonienne-3.jpg 800w\" sizes=\"auto, (max-width: 300px) 100vw, 300px\" \/><\/a><\/p>\n<\/div>\n<\/div>\n<\/div>\n<\/div>\n<\/div>\n<\/div>\n<\/div>\n<\/div>\n<p><b>More informations :\u00a0<\/b><\/p>\n<div class=\"page\" title=\"Page 1\">\n<div class=\"layoutArea\">\n<div class=\"column\">\n<p>Marie-B\u00e9atrice LAVAU : lavau.marie-beatrice@orange.fr<br \/>\nJean-Fran\u00e7ois ROUDILLON ( Directeur of Loft gallery) : info@galerieloft.com<\/p>\n<div class=\"page\" title=\"Page 1\">\n<div class=\"layoutArea\">\n<div class=\"column\">\n<div class=\"page\" title=\"Page 1\">\n<div class=\"layoutArea\">\n<div class=\"column\">\n<hr \/>\n<p>Photo of Hiquily @ Didier Gicquel<\/p>\n<\/div>\n<p><strong>For more info, click here!\u00a0<\/strong><\/p>\n<p><span style=\"text-decoration: underline;\"><span style=\"color: #0000ff; text-decoration: underline;\"><a style=\"color: #0000ff; text-decoration: underline;\" href=\"https:\/\/www.galerieloft.com\/artiste\/philippe-hiquily-3\/\">Philippe Hiquily<\/a><\/span><\/span><\/p>\n<p><span style=\"text-decoration: underline;\"><span style=\"color: #0000ff; text-decoration: underline;\"><a style=\"color: #0000ff; text-decoration: underline;\" href=\"https:\/\/www.galerieloft.com\/editions\/categorie-produit\/sculpture\/produit\/marathonienne-philippe-hiquily\/\">Marathonienne<\/a><\/span><\/span><\/p>\n<div class=\"page\" title=\"Page 1\">\n<div class=\"layoutArea\">\n<div class=\"column\">\n<p><span style=\"text-decoration: underline;\"><span style=\"color: #0000ff; text-decoration: underline;\"><a style=\"color: #0000ff; text-decoration: underline;\" href=\"https:\/\/www.galerieloft.com\/boutique\/categorie-produit\/sculpture\/produit\/epicurienne-4philippe-hiquily\/\">Epicuriennes<\/a><\/span><\/span><\/p>\n<div class=\"page\" title=\"Page 1\">\n<div class=\"layoutArea\">\n<div class=\"column\">\n<p><span style=\"text-decoration: underline;\"><span style=\"color: #0000ff; text-decoration: underline;\"><a style=\"color: #0000ff; text-decoration: underline;\" href=\"https:\/\/www.galerieloft.com\/editions\/categorie-produit\/sculpture\/produit\/reorneadora-2-2m\/\">Reorneadora<\/a><\/span><\/span><\/p>\n<\/div>\n<\/div>\n<\/div>\n<\/div>\n<\/div>\n<\/div>\n<\/div>\n<\/div>\n<\/div>\n<\/div>\n<\/div>\n<\/div>\n<\/div>\n<\/div>\n","protected":false},"excerpt":{"rendered":"<p>From September 26 to November 16, the Hotel Plaza Ath\u00e9n\u00e9e presents the exhibition of Philippe Hiquily by Loft gallery. The exhibition will open every day from 10:00 to 19:00 in the courtyard garden of hotel Plaza Ath\u00e9n\u00e9e.<\/p>\n","protected":false},"author":2,"featured_media":5272,"comment_status":"closed","ping_status":"closed","sticky":false,"template":"","format":"standard","meta":{"footnotes":""},"categories":[545],"tags":[1041,222,1042,1043,1044,1045],"class_list":["post-5581","post","type-post","status-publish","format-standard","has-post-thumbnail","hentry","category-off-site","tag-epicuriennes-en","tag-exposition-en","tag-marathonienne-en","tag-philippe-hiquily-en","tag-plaza-athenee-en","tag-reorneadora-en"],"_links":{"self":[{"href":"https:\/\/preprod.galerieloft.com\/en\/wp-json\/wp\/v2\/posts\/5581","targetHints":{"allow":["GET"]}}],"collection":[{"href":"https:\/\/preprod.galerieloft.com\/en\/wp-json\/wp\/v2\/posts"}],"about":[{"href":"https:\/\/preprod.galerieloft.com\/en\/wp-json\/wp\/v2\/types\/post"}],"author":[{"embeddable":true,"href":"https:\/\/preprod.galerieloft.com\/en\/wp-json\/wp\/v2\/users\/2"}],"replies":[{"embeddable":true,"href":"https:\/\/preprod.galerieloft.com\/en\/wp-json\/wp\/v2\/comments?post=5581"}],"version-history":[{"count":7,"href":"https:\/\/preprod.galerieloft.com\/en\/wp-json\/wp\/v2\/posts\/5581\/revisions"}],"predecessor-version":[{"id":17686,"href":"https:\/\/preprod.galerieloft.com\/en\/wp-json\/wp\/v2\/posts\/5581\/revisions\/17686"}],"wp:featuredmedia":[{"embeddable":true,"href":"https:\/\/preprod.galerieloft.com\/en\/wp-json\/wp\/v2\/media\/5272"}],"wp:attachment":[{"href":"https:\/\/preprod.galerieloft.com\/en\/wp-json\/wp\/v2\/media?parent=5581"}],"wp:term":[{"taxonomy":"category","embeddable":true,"href":"https:\/\/preprod.galerieloft.com\/en\/wp-json\/wp\/v2\/categories?post=5581"},{"taxonomy":"post_tag","embeddable":true,"href":"https:\/\/preprod.galerieloft.com\/en\/wp-json\/wp\/v2\/tags?post=5581"}],"curies":[{"name":"wp","href":"https:\/\/api.w.org\/{rel}","templated":true}]}}