{"id":18466,"date":"2021-04-19T12:08:45","date_gmt":"2021-04-19T12:08:45","guid":{"rendered":"https:\/\/preprod.galerieloft.com\/a-visage-decouvert\/"},"modified":"2021-04-19T12:08:45","modified_gmt":"2021-04-19T12:08:45","slug":"a-visage-decouvert","status":"publish","type":"post","link":"https:\/\/preprod.galerieloft.com\/en\/a-visage-decouvert\/","title":{"rendered":"Exposition &#8220;\u00c0 visage d\u00e9couvert&#8221; dans les vitrines des galeries de la rue des Beaux-Arts"},"content":{"rendered":"\n<p><strong>Exposition jusqu&#8217;au 20 avril 202<\/strong><\/p>\n\n\n\n<p><em>Visitez nos vitrines dans le cadre de l\u2019exposition \u00ab \u00c0 visage d\u00e9couvert \u00bb et d\u00e9couvrez les oeuvres de Christos Kalfas, Err\u00f3 et Philippe Huart !<\/em><\/p>\n\n\n\n<p>Paris est en manque d\u2019art\u2026 Apr\u00e8s les mus\u00e9es, les galeries sont d\u00e9sormais emp\u00each\u00e9es d\u2019exercer leur activit\u00e9 normalement. Mais la capitale mondiale des galeries fourmille d\u2019id\u00e9es et d\u2019initiatives. Au c\u0153ur de cet \u00e9cosyst\u00e8me, les marchands de la rue des Beaux-Arts ont d\u00e9cid\u00e9 de redresser la t\u00eate : tenant compte des pr\u00e9conisations sanitaires, ils s\u2019unissent pour offrir aux passants&nbsp;une exposition de qualit\u00e9 mus\u00e9ale, accessible tous les jours de la semaine.<\/p>\n\n\n\n<p>Le quartier de Saint-Germain-des-Pr\u00e9s abrite historiquement une concentration in\u00e9gal\u00e9e d\u2019enseignes culturelles. Contrairement \u00e0 d\u2019autres quartiers de la capitale, les galeries y fleurissent \u00e0 visage d\u00e9couvert, permettant aux promeneurs de se d\u00e9lecter de chefs d\u2019\u0153uvres visibles depuis la rue ! &nbsp;<\/p>\n\n\n\n<p>R\u00e9unissant plus de vingt enseignes, l\u2019exposition&nbsp;\u00c0 visage d\u00e9couvert&nbsp;se d\u00e9roule ainsi dans les vitrines des galeries, visibles depuis l\u2019ext\u00e9rieur.&nbsp;<\/p>\n\n\n\n<p>Autour de ce th\u00e8me f\u00e9d\u00e9rateur,&nbsp;le visage comme expression de l\u2019humanit\u00e9 mise \u00e0 nu, du masque chamanique de la collection Breton \u00e0 l\u2019autoportrait de Marina Abromovic,&nbsp;les galeries proposent un parcours \u00e9clectique et stimulant, \u00e0 l\u2019image des sp\u00e9cialit\u00e9s qui sont r\u00e9unies dans cette rue historique : art contemporain, art moderne, arts graphiques, arts primitifs, design, antiquit\u00e9s\u2026&nbsp;<\/p>\n\n\n\n<p>Situ\u00e9e au d\u00e9bouch\u00e9 de la rue,&nbsp;l\u2019\u00c9cole des Beaux-Arts s\u2019associe naturellement \u00e0 la manifestation, en s\u2019inscrivent dans la logique dynamique du quartier et s\u2019associe aux galeries de St Germain-des-pr\u00e8s dans un dialogue urbain fructueux offrant sa c\u00e9l\u00e8bre gu\u00e9rite d\u2019accueil \u00e0 un \u00e9tudiant.&nbsp;A l\u2019invitation des galeries,&nbsp;le cr\u00e9ateur Jean-Charles de Castelbajac&nbsp;investit avec fantaisie les murs de la rue, tra\u00e7ant \u00e0 la craie des visages ang\u00e9liques qui surprennent le promeneur, dans le renfoncement d\u2019un porche ou sur une armoire \u00e9lectrique\u2026<\/p>\n\n\n\n<p><\/p>\n\n\n\n<p>&gt;&gt; <strong>La presse vous en parle plus <\/strong><\/p>\n\n\n\n<p><a href=\"https:\/\/www.beauxarts.com\/expos\/a-paris-une-rue-entiere-transformee-en-expo-a-ciel-ouvert\/\">Magazine Beaux-arts <\/a><br><a href=\"https:\/\/issuu.com\/ajpmeyer\/docs\/revue_du_jeudi_des_beaux_arts__8_31.03\/s\/11994832\">Time out <\/a><br><a href=\"https:\/\/www.lemonde.fr\/culture\/article\/2021\/04\/02\/a-visage-decouvert-rue-des-beaux-arts-un-musee-a-ciel-ouvert_6075384_3246.html\">Le monde<\/a> <br><a href=\"https:\/\/officiel-galeries-musees.fr\/a-visage-decouvert\/\">L&#8217;officiel Mus\u00e9es &amp; Galeries <\/a><br><\/p>\n\n\n\n<div class=\"wp-block-columns is-layout-flex wp-container-core-columns-is-layout-9d6595d7 wp-block-columns-is-layout-flex\">\n<div class=\"wp-block-column is-layout-flow wp-block-column-is-layout-flow\"><\/div>\n<\/div>\n","protected":false},"excerpt":{"rendered":"<p>R\u00e9unissant plus de vingt enseignes, l\u2019exposition &#8220;\u00c0 visage d\u00e9couvert&#8221; se d\u00e9roule ainsi dans les vitrines des galeries, visibles depuis l\u2019ext\u00e9rieur.<\/p>\n","protected":false},"author":2,"featured_media":9799,"comment_status":"closed","ping_status":"closed","sticky":false,"template":"","format":"standard","meta":{"footnotes":""},"categories":[1326],"tags":[],"class_list":["post-18466","post","type-post","status-publish","format-standard","has-post-thumbnail","hentry","category-event"],"_links":{"self":[{"href":"https:\/\/preprod.galerieloft.com\/en\/wp-json\/wp\/v2\/posts\/18466","targetHints":{"allow":["GET"]}}],"collection":[{"href":"https:\/\/preprod.galerieloft.com\/en\/wp-json\/wp\/v2\/posts"}],"about":[{"href":"https:\/\/preprod.galerieloft.com\/en\/wp-json\/wp\/v2\/types\/post"}],"author":[{"embeddable":true,"href":"https:\/\/preprod.galerieloft.com\/en\/wp-json\/wp\/v2\/users\/2"}],"replies":[{"embeddable":true,"href":"https:\/\/preprod.galerieloft.com\/en\/wp-json\/wp\/v2\/comments?post=18466"}],"version-history":[{"count":0,"href":"https:\/\/preprod.galerieloft.com\/en\/wp-json\/wp\/v2\/posts\/18466\/revisions"}],"wp:featuredmedia":[{"embeddable":true,"href":"https:\/\/preprod.galerieloft.com\/en\/wp-json\/wp\/v2\/media\/9799"}],"wp:attachment":[{"href":"https:\/\/preprod.galerieloft.com\/en\/wp-json\/wp\/v2\/media?parent=18466"}],"wp:term":[{"taxonomy":"category","embeddable":true,"href":"https:\/\/preprod.galerieloft.com\/en\/wp-json\/wp\/v2\/categories?post=18466"},{"taxonomy":"post_tag","embeddable":true,"href":"https:\/\/preprod.galerieloft.com\/en\/wp-json\/wp\/v2\/tags?post=18466"}],"curies":[{"name":"wp","href":"https:\/\/api.w.org\/{rel}","templated":true}]}}