{"id":15969,"date":"2024-12-17T15:03:08","date_gmt":"2024-12-17T15:03:08","guid":{"rendered":"https:\/\/www.galerieloft.com\/quentin-garel-sur-tv5-monde\/"},"modified":"2024-12-17T15:08:35","modified_gmt":"2024-12-17T15:08:35","slug":"quentin-garel-sur-tv5-monde","status":"publish","type":"post","link":"https:\/\/preprod.galerieloft.com\/en\/quentin-garel-sur-tv5-monde\/","title":{"rendered":"Quentin Garel on TV5 Monde"},"content":{"rendered":"\n<p>The company TEAMOJITO PRODUCTIONS produces and develops \u201cTerra Artistika\u201d a series of 13-minute films on contemporary artists. Terra Artistika captures these moments, takes a look that bears witness, makes a connection with the public, through a narrative framework that draws its inspiration from the heart of creation.<\/p>\n\n\n\n<p><strong>Quentin Garel &#8211; Three-dimensional dream<\/strong><br>Season 3, Episode 1<\/p>\n\n\n\n<p>Entering the world of Quentin Garel is like setting foot on an unknown planet, populated by animal sculptures that shake the imagination. In his workshop, in the middle of the Normandy countryside, he brings his creatures to life\u2026<\/p>\n\n\n\n<p><strong><em><a href=\"https:\/\/www.tv5mondeplus.com\/fr\/culture-et-art-de-vivre\/vie-culturelle-et-artistique\/terra-artistika\">Available on the TV5 MONDE platform<\/a><\/em><\/strong><\/p>\n\n\n\n<p>Writing: R\u00e9gine de Lapize<br>Director: Christophe Soupirot (France, 2024)<\/p>\n\n\n\n<p><br><\/p>\n","protected":false},"excerpt":{"rendered":"<p>Cet \u00e9pisode de Terra Artistika, offre une immersion captivante dans l\u2019univers de l\u2019artiste contemporain Quentin Garel, nous d\u00e9voilant sa m\u00e9thode de travail ainsi que certaines de ses \u0153uvres. <\/p>\n","protected":false},"author":2,"featured_media":15966,"comment_status":"closed","ping_status":"closed","sticky":false,"template":"","format":"standard","meta":{"footnotes":""},"categories":[547,2258],"tags":[],"class_list":["post-15969","post","type-post","status-publish","format-standard","has-post-thumbnail","hentry","category-info-artist","category-media-en"],"_links":{"self":[{"href":"https:\/\/preprod.galerieloft.com\/en\/wp-json\/wp\/v2\/posts\/15969","targetHints":{"allow":["GET"]}}],"collection":[{"href":"https:\/\/preprod.galerieloft.com\/en\/wp-json\/wp\/v2\/posts"}],"about":[{"href":"https:\/\/preprod.galerieloft.com\/en\/wp-json\/wp\/v2\/types\/post"}],"author":[{"embeddable":true,"href":"https:\/\/preprod.galerieloft.com\/en\/wp-json\/wp\/v2\/users\/2"}],"replies":[{"embeddable":true,"href":"https:\/\/preprod.galerieloft.com\/en\/wp-json\/wp\/v2\/comments?post=15969"}],"version-history":[{"count":4,"href":"https:\/\/preprod.galerieloft.com\/en\/wp-json\/wp\/v2\/posts\/15969\/revisions"}],"predecessor-version":[{"id":15975,"href":"https:\/\/preprod.galerieloft.com\/en\/wp-json\/wp\/v2\/posts\/15969\/revisions\/15975"}],"wp:featuredmedia":[{"embeddable":true,"href":"https:\/\/preprod.galerieloft.com\/en\/wp-json\/wp\/v2\/media\/15966"}],"wp:attachment":[{"href":"https:\/\/preprod.galerieloft.com\/en\/wp-json\/wp\/v2\/media?parent=15969"}],"wp:term":[{"taxonomy":"category","embeddable":true,"href":"https:\/\/preprod.galerieloft.com\/en\/wp-json\/wp\/v2\/categories?post=15969"},{"taxonomy":"post_tag","embeddable":true,"href":"https:\/\/preprod.galerieloft.com\/en\/wp-json\/wp\/v2\/tags?post=15969"}],"curies":[{"name":"wp","href":"https:\/\/api.w.org\/{rel}","templated":true}]}}