{"id":15648,"date":"2024-09-10T14:38:15","date_gmt":"2024-09-10T14:38:15","guid":{"rendered":"https:\/\/www.galerieloft.com\/?p=15648"},"modified":"2026-02-27T09:54:48","modified_gmt":"2026-02-27T09:54:48","slug":"lien-hoang-xuan-residence-fabrique-fondation-fiminco","status":"publish","type":"post","link":"https:\/\/preprod.galerieloft.com\/en\/lien-hoang-xuan-residence-fabrique-fondation-fiminco\/","title":{"rendered":"Laur\u00e9ate de la R\u00e9sidence Fabrique de la Fondation Fiminco"},"content":{"rendered":"\n<p>Li\u00ean Ho\u00e0ng-Xu\u00e2n is one of the laureates of the Fabrique 2024\/2025 Residence of the Fiminco Foundation. Ludovic Delalande, exhibition curator, will accompany the artists throughout this 11-month residency. The Residence welcomes \u201cartists of all nationalities to allow them to develop their work and research\u201d.<\/p>\n\n\n\n<p>Located in Romainville, this residency aims to support the artists in residence and their creative process throughout this period. This former reinvested industrial wasteland is designed as a meeting place between residents and different forms of art. The end of residency exhibition is planned for April 2025.<\/p>\n","protected":false},"excerpt":{"rendered":"<p>Li\u00ean Ho\u00e0ng-Xu\u00e2n is one of the laureates of the Fabrique 2024\/2025 Residence of the Fiminco Foundation. Ludovic Delalande, exhibition curator, will accompany the artists throughout this 11-month residency. The Residence welcomes \u201cartists of all nationalities to allow them to develop their work and research\u201d.<\/p>\n","protected":false},"author":2,"featured_media":15626,"comment_status":"closed","ping_status":"closed","sticky":false,"template":"","format":"standard","meta":{"footnotes":""},"categories":[547],"tags":[],"class_list":["post-15648","post","type-post","status-publish","format-standard","has-post-thumbnail","hentry","category-info-artist"],"_links":{"self":[{"href":"https:\/\/preprod.galerieloft.com\/en\/wp-json\/wp\/v2\/posts\/15648","targetHints":{"allow":["GET"]}}],"collection":[{"href":"https:\/\/preprod.galerieloft.com\/en\/wp-json\/wp\/v2\/posts"}],"about":[{"href":"https:\/\/preprod.galerieloft.com\/en\/wp-json\/wp\/v2\/types\/post"}],"author":[{"embeddable":true,"href":"https:\/\/preprod.galerieloft.com\/en\/wp-json\/wp\/v2\/users\/2"}],"replies":[{"embeddable":true,"href":"https:\/\/preprod.galerieloft.com\/en\/wp-json\/wp\/v2\/comments?post=15648"}],"version-history":[{"count":4,"href":"https:\/\/preprod.galerieloft.com\/en\/wp-json\/wp\/v2\/posts\/15648\/revisions"}],"predecessor-version":[{"id":17441,"href":"https:\/\/preprod.galerieloft.com\/en\/wp-json\/wp\/v2\/posts\/15648\/revisions\/17441"}],"wp:featuredmedia":[{"embeddable":true,"href":"https:\/\/preprod.galerieloft.com\/en\/wp-json\/wp\/v2\/media\/15626"}],"wp:attachment":[{"href":"https:\/\/preprod.galerieloft.com\/en\/wp-json\/wp\/v2\/media?parent=15648"}],"wp:term":[{"taxonomy":"category","embeddable":true,"href":"https:\/\/preprod.galerieloft.com\/en\/wp-json\/wp\/v2\/categories?post=15648"},{"taxonomy":"post_tag","embeddable":true,"href":"https:\/\/preprod.galerieloft.com\/en\/wp-json\/wp\/v2\/tags?post=15648"}],"curies":[{"name":"wp","href":"https:\/\/api.w.org\/{rel}","templated":true}]}}