{"id":15582,"date":"2024-07-10T12:52:12","date_gmt":"2024-07-10T12:52:12","guid":{"rendered":"https:\/\/www.galerieloft.com\/philippe-druillet-dans-lexposition-bande-dessinee-1964-2024-au-centre-pompidou\/"},"modified":"2026-02-27T09:57:15","modified_gmt":"2026-02-27T09:57:15","slug":"philippe-druillet-dans-lexposition-bande-dessinee-1964-2024-au-centre-pompidou","status":"publish","type":"post","link":"https:\/\/preprod.galerieloft.com\/en\/philippe-druillet-dans-lexposition-bande-dessinee-1964-2024-au-centre-pompidou\/","title":{"rendered":"In the exhibition \u201cBande Dessin\u00e9e, 1964-2024\u201d at the Center Pompidou"},"content":{"rendered":"\n<p>On the occasion of the \u201cBande Dessin\u00e9e, 1964-2024\u201d exhibition at the Center Pompidou, you will be able to find works by Philippe Druillet, one of the leading French comic book authors of anticipation. Beginning with the advent of the counterculture, this exhibition looks back at the modern and contemporary history of the ninth art in its three main centers of expression: European creation, manga, Asian and American comics.<\/p>\n\n\n\n<div style=\"height:7px\" aria-hidden=\"true\" class=\"wp-block-spacer\"><\/div>\n\n\n\n<p>Podcast Visites d\u2019expos\u00a0:\u00a0<a href=\"https:\/\/shows.acast.com\/664cb8b1ef9f8200121a7420\/6650a709c085240012153efd\">Anticipation, avec Philippe Druillet<\/a><\/p>\n","protected":false},"excerpt":{"rendered":"<p>\u00c0 l&#8217;occasion de l&#8217;exposition \u00ab Bande Dessin\u00e9e, 1964-2024 \u00bb du Centre Pompidou, vous pourrez retrouver des \u0153uvres de Philippe Druillet, l&#8217;un des auteurs fran\u00e7ais de bande dessin\u00e9e phares de l&#8217;anticipation. <\/p>\n","protected":false},"author":2,"featured_media":15579,"comment_status":"closed","ping_status":"closed","sticky":false,"template":"","format":"standard","meta":{"footnotes":""},"categories":[545],"tags":[],"class_list":["post-15582","post","type-post","status-publish","format-standard","has-post-thumbnail","hentry","category-off-site"],"_links":{"self":[{"href":"https:\/\/preprod.galerieloft.com\/en\/wp-json\/wp\/v2\/posts\/15582","targetHints":{"allow":["GET"]}}],"collection":[{"href":"https:\/\/preprod.galerieloft.com\/en\/wp-json\/wp\/v2\/posts"}],"about":[{"href":"https:\/\/preprod.galerieloft.com\/en\/wp-json\/wp\/v2\/types\/post"}],"author":[{"embeddable":true,"href":"https:\/\/preprod.galerieloft.com\/en\/wp-json\/wp\/v2\/users\/2"}],"replies":[{"embeddable":true,"href":"https:\/\/preprod.galerieloft.com\/en\/wp-json\/wp\/v2\/comments?post=15582"}],"version-history":[{"count":2,"href":"https:\/\/preprod.galerieloft.com\/en\/wp-json\/wp\/v2\/posts\/15582\/revisions"}],"predecessor-version":[{"id":17449,"href":"https:\/\/preprod.galerieloft.com\/en\/wp-json\/wp\/v2\/posts\/15582\/revisions\/17449"}],"wp:featuredmedia":[{"embeddable":true,"href":"https:\/\/preprod.galerieloft.com\/en\/wp-json\/wp\/v2\/media\/15579"}],"wp:attachment":[{"href":"https:\/\/preprod.galerieloft.com\/en\/wp-json\/wp\/v2\/media?parent=15582"}],"wp:term":[{"taxonomy":"category","embeddable":true,"href":"https:\/\/preprod.galerieloft.com\/en\/wp-json\/wp\/v2\/categories?post=15582"},{"taxonomy":"post_tag","embeddable":true,"href":"https:\/\/preprod.galerieloft.com\/en\/wp-json\/wp\/v2\/tags?post=15582"}],"curies":[{"name":"wp","href":"https:\/\/api.w.org\/{rel}","templated":true}]}}