{"id":14003,"date":"2023-05-25T14:45:32","date_gmt":"2023-05-25T14:45:32","guid":{"rendered":"https:\/\/www.galerieloft.com\/celebrez-la-fete-des-meres-et-de-la-fete-des-peres-avec-notre-selection-art-for-all\/"},"modified":"2026-02-27T10:29:32","modified_gmt":"2026-02-27T10:29:32","slug":"celebrez-la-fete-des-meres-et-de-la-fete-des-peres-avec-notre-selection-art-for-all","status":"publish","type":"post","link":"https:\/\/preprod.galerieloft.com\/en\/celebrez-la-fete-des-meres-et-de-la-fete-des-peres-avec-notre-selection-art-for-all\/","title":{"rendered":"Celebrate Mother&#8217;s Day and Father&#8217;s Day with our Art For All selection"},"content":{"rendered":"\n<p><\/p>\n\n\n\n<p>Mother&#8217;s Day on June 4 and Father&#8217;s Day on June 18 are just around the corner! Discover Art For ALL&#8217;s selection of iconic sculptures for a timeless gift.<\/p>\n\n\n\n<p>Take advantage of a <strong>10% discount<\/strong> by entering Promo Code: HAPPYMOTHERFATHERDAY, valid until June 30, 2023.<\/p>\n\n\n\n<p>_________________________________________________________________________________________<\/p>\n\n\n\n<p><\/p>\n\n\n\n<p><strong>ANTONIO SEGUI&#8217;S BUSY MAN<\/strong><\/p>\n\n\n\n<p>Antonio Segu\u00ed is an artist who nostalgically reconstructs his childhood in Argentina. Antonio Segu\u00ed&#8217;s sculptures depict simple characters strolling through cities, capturing the human comedy. Through this colorful character, we escape from the dullness of life, in search of happiness.&nbsp;<\/p>\n\n\n\n<p><a href=\"https:\/\/artforall.fr\/en\/shop\/the-busy-man-red\/\">For further information!<\/a><\/p>\n\n\n\n<p><\/p>\n\n\n\n<div style=\"height:40px\" aria-hidden=\"true\" class=\"wp-block-spacer\"><\/div>\n\n\n\n<p><strong>MAURA CORDA&#8217;S MEERKATS&nbsp;<\/strong><\/p>\n\n\n\n<p>Maura Corda, a committed artist, brings life to her sculptures by finely capturing the emotions of human beings and animals. Maura Corda&#8217;s creations challenge our concept of &#8220;normality&#8221; by tackling the subjects of difference and exclusion, inviting deep reflection.<\/p>\n\n\n\n<p><a href=\"https:\/\/artforall.fr\/en\/shop\/meerkats-red\/\">Click here to know more!<\/a><\/p>\n\n\n\n<p><\/p>\n\n\n\n<div style=\"height:40px\" aria-hidden=\"true\" class=\"wp-block-spacer\"><\/div>\n\n\n\n<p><\/p>\n\n\n\n<p><strong>L&#8217;AMOUR FOU BY CLAUDE GILI<\/strong><\/p>\n\n\n\n<p>We have selected for you Claude Gilli&#8217;s &#8220;L&#8217;Amour Fou&#8221;, a unique piece celebrating love and life. This sculpture is a tribute to all the emotions that animate our memories. Claude Gilli is an artist who has brought his feelings to life in this work.<\/p>\n\n\n\n<p><a href=\"https:\/\/artforall.fr\/en\/shop\/lamour-fou\/\">For further information!<\/a><\/p>\n\n\n\n<div style=\"height:40px\" aria-hidden=\"true\" class=\"wp-block-spacer\"><\/div>\n\n\n\n<p><strong>PARVINE CURIE&#8217;S SHELTERED CHILD<\/strong><\/p>\n\n\n\n<p>&#8220;L&#8217;Enfant Abrit\u00e9&#8221; by Parvine Curie, a unique piece representing the protective relationship between parent and child.<\/p>\n\n\n\n<p>Parvine Curie is a passionate artist who created this sculpture to capture the essence of the human in art. &#8220;L&#8217;Enfant Abrit\u00e9&#8221; is an architectural form that approaches a &#8220;mother-cabin&#8221;, a protective figure that shelters the child and symbolizes family love.<\/p>\n\n\n\n<p><a href=\"https:\/\/artforall.fr\/en\/shop\/lenfant-abrite-noir\/\">En savoir plus &gt;<\/a><\/p>\n\n\n\n<p><\/p>\n\n\n\n<figure class=\"wp-block-image size-full\"><a href=\"https:\/\/www.galerieloft.com\/media\/uploads\/2023\/05\/ec806549-64e0-ba06-e298-418d1b1ba770.jpg\"><img loading=\"lazy\" decoding=\"async\" width=\"600\" height=\"600\" src=\"https:\/\/www.galerieloft.com\/media\/uploads\/2023\/05\/ec806549-64e0-ba06-e298-418d1b1ba770.jpg\" alt=\"\" class=\"wp-image-14006\" srcset=\"https:\/\/preprod.galerieloft.com\/media\/uploads\/2023\/05\/ec806549-64e0-ba06-e298-418d1b1ba770.jpg 600w, https:\/\/preprod.galerieloft.com\/media\/uploads\/2023\/05\/ec806549-64e0-ba06-e298-418d1b1ba770-300x300.jpg 300w, https:\/\/preprod.galerieloft.com\/media\/uploads\/2023\/05\/ec806549-64e0-ba06-e298-418d1b1ba770-150x150.jpg 150w, https:\/\/preprod.galerieloft.com\/media\/uploads\/2023\/05\/ec806549-64e0-ba06-e298-418d1b1ba770-500x500.jpg 500w, https:\/\/preprod.galerieloft.com\/media\/uploads\/2023\/05\/ec806549-64e0-ba06-e298-418d1b1ba770-100x100.jpg 100w\" sizes=\"auto, (max-width: 600px) 100vw, 600px\" \/><\/a><\/figure>\n\n\n\n<p><\/p>\n\n\n\n<p><\/p>\n","protected":false},"excerpt":{"rendered":"<p>D\u00e9couvrez \u00e0 l&#8217;occasion de la f\u00eate des m\u00e8res et de la f\u00eate des p\u00e8res  notre s\u00e9lection de sculpture Art For All. <\/p>\n<p>Profitez de\u00a010% de remise\u00a0sur www.artforall.fr<\/p>\n","protected":false},"author":2,"featured_media":13908,"comment_status":"closed","ping_status":"closed","sticky":false,"template":"","format":"standard","meta":{"footnotes":""},"categories":[546],"tags":[],"class_list":["post-14003","post","type-post","status-publish","format-standard","has-post-thumbnail","hentry","category-loft-info"],"_links":{"self":[{"href":"https:\/\/preprod.galerieloft.com\/en\/wp-json\/wp\/v2\/posts\/14003","targetHints":{"allow":["GET"]}}],"collection":[{"href":"https:\/\/preprod.galerieloft.com\/en\/wp-json\/wp\/v2\/posts"}],"about":[{"href":"https:\/\/preprod.galerieloft.com\/en\/wp-json\/wp\/v2\/types\/post"}],"author":[{"embeddable":true,"href":"https:\/\/preprod.galerieloft.com\/en\/wp-json\/wp\/v2\/users\/2"}],"replies":[{"embeddable":true,"href":"https:\/\/preprod.galerieloft.com\/en\/wp-json\/wp\/v2\/comments?post=14003"}],"version-history":[{"count":11,"href":"https:\/\/preprod.galerieloft.com\/en\/wp-json\/wp\/v2\/posts\/14003\/revisions"}],"predecessor-version":[{"id":17563,"href":"https:\/\/preprod.galerieloft.com\/en\/wp-json\/wp\/v2\/posts\/14003\/revisions\/17563"}],"wp:featuredmedia":[{"embeddable":true,"href":"https:\/\/preprod.galerieloft.com\/en\/wp-json\/wp\/v2\/media\/13908"}],"wp:attachment":[{"href":"https:\/\/preprod.galerieloft.com\/en\/wp-json\/wp\/v2\/media?parent=14003"}],"wp:term":[{"taxonomy":"category","embeddable":true,"href":"https:\/\/preprod.galerieloft.com\/en\/wp-json\/wp\/v2\/categories?post=14003"},{"taxonomy":"post_tag","embeddable":true,"href":"https:\/\/preprod.galerieloft.com\/en\/wp-json\/wp\/v2\/tags?post=14003"}],"curies":[{"name":"wp","href":"https:\/\/api.w.org\/{rel}","templated":true}]}}